{"id":22900,"date":"2016-07-27T10:46:55","date_gmt":"2016-07-27T08:46:55","guid":{"rendered":"https:\/\/hausner.at\/mrshausner\/?p=22900"},"modified":"2017-10-11T09:13:51","modified_gmt":"2017-10-11T07:13:51","slug":"ichwillfarbe","status":"publish","type":"post","link":"https:\/\/hausner.at\/mrshausner\/ichwillfarbe\/","title":{"rendered":"#ichwillfarbe"},"content":{"rendered":"<p style=\"text-align: justify;\">#ichwillfarbe&#8230;.darum dreht sich mein ganzer Tag. Viele m\u00f6chten ihre W\u00e4nde farblich in Szene setzen. Dieses Vorhaben ist aber meistens schneller ausgesprochen als dann tats\u00e4chlich an der Wand.\u00a0\u00dcber die &#8220;Farbwahl &#8211; Farbqual&#8221; habe ich ja schon mal <a href=\"https:\/\/hausner.at\/mrshausner\/farbwahl-oder-farbqual\/#more-22856\"><strong>hier<\/strong><\/a> berichtet, aber darum soll es heute nicht gehen.<!--more--> Nicht jeder wei\u00df von vornherein, welche Farbe es werden soll.\u00a0Daher gibt es jetzt eine neue Rubrik #ichwillfarbe , um euch zu zeigen, wie wir all diese #ichwillfarbe W\u00fcnsche umgesetzt haben.\u00a0Immer aus einer anderen Farbfamilie, m\u00f6chte ich heute mit Blau den Anfang machen. Und welche Farbe w\u00fcrde den Sommer besser unterstreichen, als Blau?\u00a0Wer also schon immer ein Faible f\u00fcr Blau hatte, darf sich freuen. Ganz gleich f\u00fcr welchen Raum ihr diese Farbe vorgesehen habt, hier sind fast alle Wohnr\u00e4ume dabei. Schlafzimmer, Wohn- und Arbeitszimmer aber auch Vorzimmer. Inspiriert von Himmel, Meer, See und Pool. Soviel ist auf jeden Fall sicher: Es wird blau!<\/p>\n<p style=\"text-align: justify;\"><img  decoding=\"async\"  loading=\"lazy\"  class=\"size-full wp-image-22931 aligncenter pk-lqip pk-lazyload\"  src=\"https:\/\/hausner.at\/mrshausner\/wp-content\/uploads\/2016\/07\/ichwillfarbe_klein-16-80x121.jpg\"  alt=\"#ichwillfarbe mrshausner wandfarbe blau\"  width=\"795\"  height=\"1200\"  data-pk-sizes=\"auto\"  data-ls-sizes=\"(max-width: 795px) 100vw, 795px\"  data-pk-src=\"https:\/\/hausner.at\/mrshausner\/wp-content\/uploads\/2016\/07\/ichwillfarbe_klein-16.jpg\"  data-pk-srcset=\"https:\/\/hausner.at\/mrshausner\/wp-content\/uploads\/2016\/07\/ichwillfarbe_klein-16.jpg 795w, https:\/\/hausner.at\/mrshausner\/wp-content\/uploads\/2016\/07\/ichwillfarbe_klein-16-159x240.jpg 159w, https:\/\/hausner.at\/mrshausner\/wp-content\/uploads\/2016\/07\/ichwillfarbe_klein-16-320x483.jpg 320w, https:\/\/hausner.at\/mrshausner\/wp-content\/uploads\/2016\/07\/ichwillfarbe_klein-16-560x845.jpg 560w, https:\/\/hausner.at\/mrshausner\/wp-content\/uploads\/2016\/07\/ichwillfarbe_klein-16-80x121.jpg 80w, https:\/\/hausner.at\/mrshausner\/wp-content\/uploads\/2016\/07\/ichwillfarbe_klein-16-53x80.jpg 53w, https:\/\/hausner.at\/mrshausner\/wp-content\/uploads\/2016\/07\/ichwillfarbe_klein-16-35x53.jpg 35w, https:\/\/hausner.at\/mrshausner\/wp-content\/uploads\/2016\/07\/ichwillfarbe_klein-16-34x52.jpg 34w, https:\/\/hausner.at\/mrshausner\/wp-content\/uploads\/2016\/07\/ichwillfarbe_klein-16-40x60.jpg 40w, https:\/\/hausner.at\/mrshausner\/wp-content\/uploads\/2016\/07\/ichwillfarbe_klein-16-300x453.jpg 300w, https:\/\/hausner.at\/mrshausner\/wp-content\/uploads\/2016\/07\/ichwillfarbe_klein-16-768x1159.jpg 768w, https:\/\/hausner.at\/mrshausner\/wp-content\/uploads\/2016\/07\/ichwillfarbe_klein-16-85x128.jpg 85w, https:\/\/hausner.at\/mrshausner\/wp-content\/uploads\/2016\/07\/ichwillfarbe_klein-16-195x294.jpg 195w, https:\/\/hausner.at\/mrshausner\/wp-content\/uploads\/2016\/07\/ichwillfarbe_klein-16-38x57.jpg 38w, https:\/\/hausner.at\/mrshausner\/wp-content\/uploads\/2016\/07\/ichwillfarbe_klein-16-530x800.jpg 530w\" ><\/p>\n<p style=\"text-align: justify;\"><img  decoding=\"async\"  loading=\"lazy\"  class=\"size-full wp-image-22938 aligncenter pk-lqip pk-lazyload\"  src=\"https:\/\/hausner.at\/mrshausner\/wp-content\/uploads\/2016\/07\/ichwillfarbe-80x60.jpeg\"  alt=\"#ichwillfarbe mrshausner wandfarbe blau\"  width=\"1200\"  height=\"900\"  data-pk-sizes=\"auto\"  data-ls-sizes=\"(max-width: 1200px) 100vw, 1200px\"  data-pk-src=\"https:\/\/hausner.at\/mrshausner\/wp-content\/uploads\/2016\/07\/ichwillfarbe.jpeg\"  data-pk-srcset=\"https:\/\/hausner.at\/mrshausner\/wp-content\/uploads\/2016\/07\/ichwillfarbe.jpeg 1200w, https:\/\/hausner.at\/mrshausner\/wp-content\/uploads\/2016\/07\/ichwillfarbe-320x240.jpeg 320w, https:\/\/hausner.at\/mrshausner\/wp-content\/uploads\/2016\/07\/ichwillfarbe-800x600.jpeg 800w, https:\/\/hausner.at\/mrshausner\/wp-content\/uploads\/2016\/07\/ichwillfarbe-1160x870.jpeg 1160w, https:\/\/hausner.at\/mrshausner\/wp-content\/uploads\/2016\/07\/ichwillfarbe-300x225.jpeg 300w, https:\/\/hausner.at\/mrshausner\/wp-content\/uploads\/2016\/07\/ichwillfarbe-560x420.jpeg 560w, https:\/\/hausner.at\/mrshausner\/wp-content\/uploads\/2016\/07\/ichwillfarbe-80x60.jpeg 80w, https:\/\/hausner.at\/mrshausner\/wp-content\/uploads\/2016\/07\/ichwillfarbe-71x53.jpeg 71w, https:\/\/hausner.at\/mrshausner\/wp-content\/uploads\/2016\/07\/ichwillfarbe-69x52.jpeg 69w, https:\/\/hausner.at\/mrshausner\/wp-content\/uploads\/2016\/07\/ichwillfarbe-128x96.jpeg 128w, https:\/\/hausner.at\/mrshausner\/wp-content\/uploads\/2016\/07\/ichwillfarbe-392x294.jpeg 392w, https:\/\/hausner.at\/mrshausner\/wp-content\/uploads\/2016\/07\/ichwillfarbe-76x57.jpeg 76w, https:\/\/hausner.at\/mrshausner\/wp-content\/uploads\/2016\/07\/ichwillfarbe-768x576.jpeg 768w, https:\/\/hausner.at\/mrshausner\/wp-content\/uploads\/2016\/07\/ichwillfarbe-1100x825.jpeg 1100w, https:\/\/hausner.at\/mrshausner\/wp-content\/uploads\/2016\/07\/ichwillfarbe-530x398.jpeg 530w\" ><\/p>\n<p style=\"text-align: justify;\"><img  decoding=\"async\"  loading=\"lazy\"  class=\"size-full wp-image-22933 aligncenter pk-lqip pk-lazyload\"  src=\"https:\/\/hausner.at\/mrshausner\/wp-content\/uploads\/2016\/07\/ichwillfarbe_klein-28-80x121.jpg\"  alt=\"#ichwillfarbe mrshausner wandfarbe blau\"  width=\"795\"  height=\"1200\"  data-pk-sizes=\"auto\"  data-ls-sizes=\"(max-width: 795px) 100vw, 795px\"  data-pk-src=\"https:\/\/hausner.at\/mrshausner\/wp-content\/uploads\/2016\/07\/ichwillfarbe_klein-28.jpg\"  data-pk-srcset=\"https:\/\/hausner.at\/mrshausner\/wp-content\/uploads\/2016\/07\/ichwillfarbe_klein-28.jpg 795w, https:\/\/hausner.at\/mrshausner\/wp-content\/uploads\/2016\/07\/ichwillfarbe_klein-28-159x240.jpg 159w, https:\/\/hausner.at\/mrshausner\/wp-content\/uploads\/2016\/07\/ichwillfarbe_klein-28-320x483.jpg 320w, https:\/\/hausner.at\/mrshausner\/wp-content\/uploads\/2016\/07\/ichwillfarbe_klein-28-560x845.jpg 560w, https:\/\/hausner.at\/mrshausner\/wp-content\/uploads\/2016\/07\/ichwillfarbe_klein-28-80x121.jpg 80w, https:\/\/hausner.at\/mrshausner\/wp-content\/uploads\/2016\/07\/ichwillfarbe_klein-28-53x80.jpg 53w, https:\/\/hausner.at\/mrshausner\/wp-content\/uploads\/2016\/07\/ichwillfarbe_klein-28-35x53.jpg 35w, https:\/\/hausner.at\/mrshausner\/wp-content\/uploads\/2016\/07\/ichwillfarbe_klein-28-34x52.jpg 34w, https:\/\/hausner.at\/mrshausner\/wp-content\/uploads\/2016\/07\/ichwillfarbe_klein-28-40x60.jpg 40w, https:\/\/hausner.at\/mrshausner\/wp-content\/uploads\/2016\/07\/ichwillfarbe_klein-28-300x453.jpg 300w, https:\/\/hausner.at\/mrshausner\/wp-content\/uploads\/2016\/07\/ichwillfarbe_klein-28-768x1159.jpg 768w, https:\/\/hausner.at\/mrshausner\/wp-content\/uploads\/2016\/07\/ichwillfarbe_klein-28-85x128.jpg 85w, https:\/\/hausner.at\/mrshausner\/wp-content\/uploads\/2016\/07\/ichwillfarbe_klein-28-195x294.jpg 195w, https:\/\/hausner.at\/mrshausner\/wp-content\/uploads\/2016\/07\/ichwillfarbe_klein-28-38x57.jpg 38w, https:\/\/hausner.at\/mrshausner\/wp-content\/uploads\/2016\/07\/ichwillfarbe_klein-28-530x800.jpg 530w\" ><\/p>\n<p style=\"text-align: justify;\"><img  decoding=\"async\"  loading=\"lazy\"  class=\"size-full wp-image-22930 aligncenter pk-lqip pk-lazyload\"  src=\"https:\/\/hausner.at\/mrshausner\/wp-content\/uploads\/2016\/07\/ichwillfarbe_2-80x60.jpeg\"  alt=\"#ichwillfarbe mrshausner wandfarbe blau\"  width=\"1200\"  height=\"900\"  data-pk-sizes=\"auto\"  data-ls-sizes=\"(max-width: 1200px) 100vw, 1200px\"  data-pk-src=\"https:\/\/hausner.at\/mrshausner\/wp-content\/uploads\/2016\/07\/ichwillfarbe_2.jpeg\"  data-pk-srcset=\"https:\/\/hausner.at\/mrshausner\/wp-content\/uploads\/2016\/07\/ichwillfarbe_2.jpeg 1200w, https:\/\/hausner.at\/mrshausner\/wp-content\/uploads\/2016\/07\/ichwillfarbe_2-320x240.jpeg 320w, https:\/\/hausner.at\/mrshausner\/wp-content\/uploads\/2016\/07\/ichwillfarbe_2-800x600.jpeg 800w, https:\/\/hausner.at\/mrshausner\/wp-content\/uploads\/2016\/07\/ichwillfarbe_2-1160x870.jpeg 1160w, https:\/\/hausner.at\/mrshausner\/wp-content\/uploads\/2016\/07\/ichwillfarbe_2-300x225.jpeg 300w, https:\/\/hausner.at\/mrshausner\/wp-content\/uploads\/2016\/07\/ichwillfarbe_2-560x420.jpeg 560w, https:\/\/hausner.at\/mrshausner\/wp-content\/uploads\/2016\/07\/ichwillfarbe_2-80x60.jpeg 80w, https:\/\/hausner.at\/mrshausner\/wp-content\/uploads\/2016\/07\/ichwillfarbe_2-71x53.jpeg 71w, https:\/\/hausner.at\/mrshausner\/wp-content\/uploads\/2016\/07\/ichwillfarbe_2-69x52.jpeg 69w, https:\/\/hausner.at\/mrshausner\/wp-content\/uploads\/2016\/07\/ichwillfarbe_2-128x96.jpeg 128w, https:\/\/hausner.at\/mrshausner\/wp-content\/uploads\/2016\/07\/ichwillfarbe_2-392x294.jpeg 392w, https:\/\/hausner.at\/mrshausner\/wp-content\/uploads\/2016\/07\/ichwillfarbe_2-76x57.jpeg 76w, https:\/\/hausner.at\/mrshausner\/wp-content\/uploads\/2016\/07\/ichwillfarbe_2-768x576.jpeg 768w, https:\/\/hausner.at\/mrshausner\/wp-content\/uploads\/2016\/07\/ichwillfarbe_2-1100x825.jpeg 1100w, https:\/\/hausner.at\/mrshausner\/wp-content\/uploads\/2016\/07\/ichwillfarbe_2-530x398.jpeg 530w\" ><\/p>\n<p style=\"text-align: justify;\"><img  decoding=\"async\"  loading=\"lazy\"  class=\"alignnone size-full wp-image-22937 pk-lqip pk-lazyload\"  src=\"https:\/\/hausner.at\/mrshausner\/wp-content\/uploads\/2016\/07\/ichwillfarbe_post-3-80x62.jpg\"  alt=\"#ichwillfarbe mrshausner wandfarbe blau\"  width=\"1200\"  height=\"936\"  data-pk-sizes=\"auto\"  data-ls-sizes=\"(max-width: 1200px) 100vw, 1200px\"  data-pk-src=\"https:\/\/hausner.at\/mrshausner\/wp-content\/uploads\/2016\/07\/ichwillfarbe_post-3.jpg\"  data-pk-srcset=\"https:\/\/hausner.at\/mrshausner\/wp-content\/uploads\/2016\/07\/ichwillfarbe_post-3.jpg 1200w, https:\/\/hausner.at\/mrshausner\/wp-content\/uploads\/2016\/07\/ichwillfarbe_post-3-308x240.jpg 308w, https:\/\/hausner.at\/mrshausner\/wp-content\/uploads\/2016\/07\/ichwillfarbe_post-3-800x624.jpg 800w, https:\/\/hausner.at\/mrshausner\/wp-content\/uploads\/2016\/07\/ichwillfarbe_post-3-1160x905.jpg 1160w, https:\/\/hausner.at\/mrshausner\/wp-content\/uploads\/2016\/07\/ichwillfarbe_post-3-320x250.jpg 320w, https:\/\/hausner.at\/mrshausner\/wp-content\/uploads\/2016\/07\/ichwillfarbe_post-3-560x437.jpg 560w, https:\/\/hausner.at\/mrshausner\/wp-content\/uploads\/2016\/07\/ichwillfarbe_post-3-80x62.jpg 80w, https:\/\/hausner.at\/mrshausner\/wp-content\/uploads\/2016\/07\/ichwillfarbe_post-3-68x53.jpg 68w, https:\/\/hausner.at\/mrshausner\/wp-content\/uploads\/2016\/07\/ichwillfarbe_post-3-67x52.jpg 67w, https:\/\/hausner.at\/mrshausner\/wp-content\/uploads\/2016\/07\/ichwillfarbe_post-3-77x60.jpg 77w, https:\/\/hausner.at\/mrshausner\/wp-content\/uploads\/2016\/07\/ichwillfarbe_post-3-128x100.jpg 128w, https:\/\/hausner.at\/mrshausner\/wp-content\/uploads\/2016\/07\/ichwillfarbe_post-3-377x294.jpg 377w, https:\/\/hausner.at\/mrshausner\/wp-content\/uploads\/2016\/07\/ichwillfarbe_post-3-73x57.jpg 73w, https:\/\/hausner.at\/mrshausner\/wp-content\/uploads\/2016\/07\/ichwillfarbe_post-3-300x234.jpg 300w, https:\/\/hausner.at\/mrshausner\/wp-content\/uploads\/2016\/07\/ichwillfarbe_post-3-768x599.jpg 768w, https:\/\/hausner.at\/mrshausner\/wp-content\/uploads\/2016\/07\/ichwillfarbe_post-3-1100x858.jpg 1100w, https:\/\/hausner.at\/mrshausner\/wp-content\/uploads\/2016\/07\/ichwillfarbe_post-3-530x413.jpg 530w\" ><\/p>\n<p style=\"text-align: justify;\"><img  decoding=\"async\"  loading=\"lazy\"  class=\"size-full wp-image-22942 aligncenter pk-lqip pk-lazyload\"  src=\"https:\/\/hausner.at\/mrshausner\/wp-content\/uploads\/2016\/07\/ichwillfarbe3-80x60.jpeg\"  alt=\"#ichwillfarbe mrshausner wandfarbe blau\"  width=\"1200\"  height=\"900\"  data-pk-sizes=\"auto\"  data-ls-sizes=\"(max-width: 1200px) 100vw, 1200px\"  data-pk-src=\"https:\/\/hausner.at\/mrshausner\/wp-content\/uploads\/2016\/07\/ichwillfarbe3.jpeg\"  data-pk-srcset=\"https:\/\/hausner.at\/mrshausner\/wp-content\/uploads\/2016\/07\/ichwillfarbe3.jpeg 1200w, https:\/\/hausner.at\/mrshausner\/wp-content\/uploads\/2016\/07\/ichwillfarbe3-320x240.jpeg 320w, https:\/\/hausner.at\/mrshausner\/wp-content\/uploads\/2016\/07\/ichwillfarbe3-800x600.jpeg 800w, https:\/\/hausner.at\/mrshausner\/wp-content\/uploads\/2016\/07\/ichwillfarbe3-1160x870.jpeg 1160w, https:\/\/hausner.at\/mrshausner\/wp-content\/uploads\/2016\/07\/ichwillfarbe3-300x225.jpeg 300w, https:\/\/hausner.at\/mrshausner\/wp-content\/uploads\/2016\/07\/ichwillfarbe3-560x420.jpeg 560w, https:\/\/hausner.at\/mrshausner\/wp-content\/uploads\/2016\/07\/ichwillfarbe3-80x60.jpeg 80w, https:\/\/hausner.at\/mrshausner\/wp-content\/uploads\/2016\/07\/ichwillfarbe3-71x53.jpeg 71w, https:\/\/hausner.at\/mrshausner\/wp-content\/uploads\/2016\/07\/ichwillfarbe3-69x52.jpeg 69w, https:\/\/hausner.at\/mrshausner\/wp-content\/uploads\/2016\/07\/ichwillfarbe3-128x96.jpeg 128w, https:\/\/hausner.at\/mrshausner\/wp-content\/uploads\/2016\/07\/ichwillfarbe3-392x294.jpeg 392w, https:\/\/hausner.at\/mrshausner\/wp-content\/uploads\/2016\/07\/ichwillfarbe3-76x57.jpeg 76w, https:\/\/hausner.at\/mrshausner\/wp-content\/uploads\/2016\/07\/ichwillfarbe3-768x576.jpeg 768w, https:\/\/hausner.at\/mrshausner\/wp-content\/uploads\/2016\/07\/ichwillfarbe3-1100x825.jpeg 1100w, https:\/\/hausner.at\/mrshausner\/wp-content\/uploads\/2016\/07\/ichwillfarbe3-530x398.jpeg 530w\" ><\/p>\n<p style=\"text-align: justify;\"><img  decoding=\"async\"  loading=\"lazy\"  class=\"size-full wp-image-22934 aligncenter pk-lqip pk-lazyload\"  src=\"https:\/\/hausner.at\/mrshausner\/wp-content\/uploads\/2016\/07\/ichwillfarbe_klein2-3-80x115.jpg\"  alt=\"#ichwillfarbe mrshausner wandfarbe blau\"  width=\"838\"  height=\"1200\"  data-pk-sizes=\"auto\"  data-ls-sizes=\"(max-width: 838px) 100vw, 838px\"  data-pk-src=\"https:\/\/hausner.at\/mrshausner\/wp-content\/uploads\/2016\/07\/ichwillfarbe_klein2-3.jpg\"  data-pk-srcset=\"https:\/\/hausner.at\/mrshausner\/wp-content\/uploads\/2016\/07\/ichwillfarbe_klein2-3.jpg 838w, https:\/\/hausner.at\/mrshausner\/wp-content\/uploads\/2016\/07\/ichwillfarbe_klein2-3-168x240.jpg 168w, https:\/\/hausner.at\/mrshausner\/wp-content\/uploads\/2016\/07\/ichwillfarbe_klein2-3-800x1146.jpg 800w, https:\/\/hausner.at\/mrshausner\/wp-content\/uploads\/2016\/07\/ichwillfarbe_klein2-3-320x458.jpg 320w, https:\/\/hausner.at\/mrshausner\/wp-content\/uploads\/2016\/07\/ichwillfarbe_klein2-3-560x802.jpg 560w, https:\/\/hausner.at\/mrshausner\/wp-content\/uploads\/2016\/07\/ichwillfarbe_klein2-3-80x115.jpg 80w, https:\/\/hausner.at\/mrshausner\/wp-content\/uploads\/2016\/07\/ichwillfarbe_klein2-3-56x80.jpg 56w, https:\/\/hausner.at\/mrshausner\/wp-content\/uploads\/2016\/07\/ichwillfarbe_klein2-3-37x53.jpg 37w, https:\/\/hausner.at\/mrshausner\/wp-content\/uploads\/2016\/07\/ichwillfarbe_klein2-3-36x52.jpg 36w, https:\/\/hausner.at\/mrshausner\/wp-content\/uploads\/2016\/07\/ichwillfarbe_klein2-3-42x60.jpg 42w, https:\/\/hausner.at\/mrshausner\/wp-content\/uploads\/2016\/07\/ichwillfarbe_klein2-3-89x128.jpg 89w, https:\/\/hausner.at\/mrshausner\/wp-content\/uploads\/2016\/07\/ichwillfarbe_klein2-3-205x294.jpg 205w, https:\/\/hausner.at\/mrshausner\/wp-content\/uploads\/2016\/07\/ichwillfarbe_klein2-3-40x57.jpg 40w, https:\/\/hausner.at\/mrshausner\/wp-content\/uploads\/2016\/07\/ichwillfarbe_klein2-3-300x430.jpg 300w, https:\/\/hausner.at\/mrshausner\/wp-content\/uploads\/2016\/07\/ichwillfarbe_klein2-3-768x1100.jpg 768w, https:\/\/hausner.at\/mrshausner\/wp-content\/uploads\/2016\/07\/ichwillfarbe_klein2-3-530x759.jpg 530w\" ><\/p>\n<p style=\"text-align: justify;\">Ob dies nun ganz konkrete Farbvorstellungen waren oder einfach nur der Wunsch nach farblicher Ver\u00e4nderung, tut nichts zur Sache, denn letztendlich z\u00e4hlt nur die Zufriedenheit mit den Endergebnissen. Die, wie ich finde, alle wundersch\u00f6n geworden sind.\u00a0Was wir daf\u00fcr ben\u00f6tigt haben sind: hochwertige Wandfarben, etwas Mut zur Farbe, einen guten <a href=\"http:\/\/www.hausner.at\"><strong>Maler<\/strong><\/a> und viele, viele Ideen um der farbigen Wand das passende Interieur zu verpassen. Denn, auch mit jeder noch so ausgefallenen Farbe liegt es, meiner Meinung nach, immer noch an der Einrichtung, die den farblichen Akzent erst zu einem Gesamtbild abrundet.<\/p>\n<p style=\"text-align: justify;\">Das es die letzten Wochen hier sehr ruhig war, lag nicht daran, dass ich &#8220;blau gemacht&#8221; habe, sondern mein Terminkalender kurz vor dem Explodieren war. Gehetzt von einem Termin zum N\u00e4chsten, h\u00e4tten meine Tage 48 Stunden ben\u00f6tigt. Bestimmt geht es auch euch manchmal genauso, aber zum Gl\u00fcck gehen diese Phasen wieder vorbei.<\/p>\n<p style=\"text-align: justify;\">In diesem Sinne freue ich mich schon auf den n\u00e4chsten Blogbeitrag.\u00a0Seid gespannt\u00a0auf viele kommende Farbinspirationen und Einblicke in die Welt der Farben.<\/p>\n<p style=\"text-align: justify;\">Eine wundersch\u00f6ne Restwoche w\u00fcnscht euch<\/p>\n<p style=\"text-align: justify;\">Nici<\/p>\n<p>&nbsp;<\/p>\n<p>&nbsp;<\/p>\n","protected":false},"excerpt":{"rendered":"<p>#ichwillfarbe&#8230;.darum dreht sich mein ganzer Tag. Viele m\u00f6chten ihre W\u00e4nde farblich in Szene setzen. Dieses Vorhaben ist aber meistens schneller ausgesprochen als dann tats\u00e4chlich an der Wand.\u00a0\u00dcber die &#8220;Farbwahl &#8211;&hellip;<\/p>\n","protected":false},"author":2,"featured_media":22935,"comment_status":"open","ping_status":"open","sticky":false,"template":"","format":"standard","meta":[],"categories":[268,148],"tags":[223,222],"powerkit_post_featured":[325,322],"better_featured_image":{"id":22935,"alt_text":"#ichwillfarbe mrshausner wandfarbe","caption":"","description":"","media_type":"image","media_details":{"width":795,"height":1200,"file":"2016\/07\/ichwillfarbe_klein2-16.jpg","sizes":{"thumbnail":{"file":"ichwillfarbe_klein2-16-159x240.jpg","width":159,"height":240,"mime-type":"image\/jpeg","placeholder":"data:image\/png;base64,iVBORw0KGgoAAAANSUhEUgAAAJ8AAADwAQMAAAAkdyQsAAAAA1BMVEUAAP+KeNJXAAAAAXRSTlMAQObYZgAAAAlwSFlzAAAOxAAADsQBlSsOGwAAABxJREFUWMPtwTEBAAAAwqD1T20ND6AAAAAAgBcDE7AAATlNuOYAAAAASUVORK5CYII=","source_url":"https:\/\/hausner.at\/mrshausner\/wp-content\/uploads\/2016\/07\/ichwillfarbe_klein2-16-159x240.jpg"},"pk-small":{"file":"ichwillfarbe_klein2-16-80x80.jpg","width":80,"height":80,"mime-type":"image\/jpeg","placeholder":"data:image\/png;base64,iVBORw0KGgoAAAANSUhEUgAAAFAAAABQAQMAAAC032DuAAAAA1BMVEUAAP+KeNJXAAAAAXRSTlMAQObYZgAAAAlwSFlzAAAOxAAADsQBlSsOGwAAABFJREFUKM9jYBgFo2AU0AsAAANwAAGRWmMdAAAAAElFTkSuQmCC","source_url":"https:\/\/hausner.at\/mrshausner\/wp-content\/uploads\/2016\/07\/ichwillfarbe_klein2-16-80x80.jpg"},"pk-thumbnail":{"file":"ichwillfarbe_klein2-16-300x225.jpg","width":300,"height":225,"mime-type":"image\/jpeg","placeholder":"data:image\/png;base64,iVBORw0KGgoAAAANSUhEUgAAASwAAADhAQMAAABIshroAAAAA1BMVEUAAP+KeNJXAAAAAXRSTlMAQObYZgAAAAlwSFlzAAAOxAAADsQBlSsOGwAAAB1JREFUaN7twQEBAAAAgJD+r+4ICgAAAAAAAAAAGiJHAAFr3DojAAAAAElFTkSuQmCC","source_url":"https:\/\/hausner.at\/mrshausner\/wp-content\/uploads\/2016\/07\/ichwillfarbe_klein2-16-300x225.jpg"},"csco-320":{"file":"ichwillfarbe_klein2-16-320x483.jpg","width":320,"height":483,"mime-type":"image\/jpeg","placeholder":"data:image\/png;base64,iVBORw0KGgoAAAANSUhEUgAAAUAAAAHjAQMAAABo1lSpAAAAA1BMVEUAAP+KeNJXAAAAAXRSTlMAQObYZgAAAAlwSFlzAAAOxAAADsQBlSsOGwAAACpJREFUeNrtwQENAAAAwqD3T20ON6AAAAAAAAAAAAAAAAAAAAAAAAAA7g1NWwAB0wqa4wAAAABJRU5ErkJggg==","source_url":"https:\/\/hausner.at\/mrshausner\/wp-content\/uploads\/2016\/07\/ichwillfarbe_klein2-16-320x483.jpg"},"csco-320-landscape":{"file":"ichwillfarbe_klein2-16-320x240.jpg","width":320,"height":240,"mime-type":"image\/jpeg","placeholder":"data:image\/png;base64,iVBORw0KGgoAAAANSUhEUgAAAUAAAADwAQMAAABL4y8oAAAAA1BMVEUAAP+KeNJXAAAAAXRSTlMAQObYZgAAAAlwSFlzAAAOxAAADsQBlSsOGwAAACBJREFUaN7twYEAAAAAw6D5Ux\/hAlUBAAAAAAAAAADANyZwAAFF2mhIAAAAAElFTkSuQmCC","source_url":"https:\/\/hausner.at\/mrshausner\/wp-content\/uploads\/2016\/07\/ichwillfarbe_klein2-16-320x240.jpg"},"csco-320-portrait":{"file":"ichwillfarbe_klein2-16-320x427.jpg","width":320,"height":427,"mime-type":"image\/jpeg","placeholder":"data:image\/png;base64,iVBORw0KGgoAAAANSUhEUgAAAUAAAAGrAQMAAACL3dyoAAAAA1BMVEUAAP+KeNJXAAAAAXRSTlMAQObYZgAAAAlwSFlzAAAOxAAADsQBlSsOGwAAACdJREFUeNrtwQENAAAAwqD3T20PBxQAAAAAAAAAAAAAAAAAAAAAcGxEYwABuAtTvgAAAABJRU5ErkJggg==","source_url":"https:\/\/hausner.at\/mrshausner\/wp-content\/uploads\/2016\/07\/ichwillfarbe_klein2-16-320x427.jpg"},"csco-320-square":{"file":"ichwillfarbe_klein2-16-320x320.jpg","width":320,"height":320,"mime-type":"image\/jpeg","placeholder":"data:image\/png;base64,iVBORw0KGgoAAAANSUhEUgAAAUAAAAFAAQMAAAD3XjfpAAAAA1BMVEUAAP+KeNJXAAAAAXRSTlMAQObYZgAAAAlwSFlzAAAOxAAADsQBlSsOGwAAACNJREFUaN7twQENAAAAwqD3T20PBxQAAAAAAAAAAAAAAAD8GjNAAAG52zFgAAAAAElFTkSuQmCC","source_url":"https:\/\/hausner.at\/mrshausner\/wp-content\/uploads\/2016\/07\/ichwillfarbe_klein2-16-320x320.jpg"},"csco-560":{"file":"ichwillfarbe_klein2-16-560x845.jpg","width":560,"height":845,"mime-type":"image\/jpeg","placeholder":"data:image\/png;base64,iVBORw0KGgoAAAANSUhEUgAAAjAAAANNAQMAAACz9NaHAAAAA1BMVEUAAP+KeNJXAAAAAXRSTlMAQObYZgAAAAlwSFlzAAAOxAAADsQBlSsOGwAAAFFJREFUeNrtwTEBAAAAwqD1T20ND6AAAAAAAAAAAAAAAAAAAAAAAAAAAAAAAAAAAAAAAAAAAAAAAAAAAAAAAAAAAAAAAAAAAAAAAAAAAAAAbgzqWwABq9JARQAAAABJRU5ErkJggg==","source_url":"https:\/\/hausner.at\/mrshausner\/wp-content\/uploads\/2016\/07\/ichwillfarbe_klein2-16-560x845.jpg"},"csco-560-landscape":{"file":"ichwillfarbe_klein2-16-560x420.jpg","width":560,"height":420,"mime-type":"image\/jpeg","placeholder":"data:image\/png;base64,iVBORw0KGgoAAAANSUhEUgAAAjAAAAGkAQMAAAAVII3kAAAAA1BMVEUAAP+KeNJXAAAAAXRSTlMAQObYZgAAAAlwSFlzAAAOxAAADsQBlSsOGwAAADRJREFUeNrtwTEBAAAAwqD1T20ND6AAAAAAAAAAAAAAAAAAAAAAAAAAAAAAAAAAAAAAgEcDdHwAAREFSyMAAAAASUVORK5CYII=","source_url":"https:\/\/hausner.at\/mrshausner\/wp-content\/uploads\/2016\/07\/ichwillfarbe_klein2-16-560x420.jpg"},"csco-560-portrait":{"file":"ichwillfarbe_klein2-16-560x747.jpg","width":560,"height":747,"mime-type":"image\/jpeg","placeholder":"data:image\/png;base64,iVBORw0KGgoAAAANSUhEUgAAAjAAAALrAQMAAADaxi\/AAAAAA1BMVEUAAP+KeNJXAAAAAXRSTlMAQObYZgAAAAlwSFlzAAAOxAAADsQBlSsOGwAAAEpJREFUeNrtwTEBAAAAwqD1T20ND6AAAAAAAAAAAAAAAAAAAAAAAAAAAAAAAAAAAAAAAAAAAAAAAAAAAAAAAAAAAAAAAAAAAAC4M88tAAHG1VToAAAAAElFTkSuQmCC","source_url":"https:\/\/hausner.at\/mrshausner\/wp-content\/uploads\/2016\/07\/ichwillfarbe_klein2-16-560x747.jpg"},"csco-560-square":{"file":"ichwillfarbe_klein2-16-560x560.jpg","width":560,"height":560,"mime-type":"image\/jpeg","placeholder":"data:image\/png;base64,iVBORw0KGgoAAAANSUhEUgAAAjAAAAIwAQMAAACiP8MsAAAAA1BMVEUAAP+KeNJXAAAAAXRSTlMAQObYZgAAAAlwSFlzAAAOxAAADsQBlSsOGwAAAD1JREFUeNrtwYEAAAAAw6D5U5\/gBlUBAAAAAAAAAAAAAAAAAAAAAAAAAAAAAAAAAAAAAAAAAAAAAAAAAMA3m1AAAe1RZAoAAAAASUVORK5CYII=","source_url":"https:\/\/hausner.at\/mrshausner\/wp-content\/uploads\/2016\/07\/ichwillfarbe_klein2-16-560x560.jpg"},"csco-90-square":{"file":"ichwillfarbe_klein2-16-90x90.jpg","width":90,"height":90,"mime-type":"image\/jpeg","placeholder":"data:image\/png;base64,iVBORw0KGgoAAAANSUhEUgAAAFoAAABaAQMAAAACZtNBAAAAA1BMVEUAAP+KeNJXAAAAAXRSTlMAQObYZgAAAAlwSFlzAAAOxAAADsQBlSsOGwAAABJJREFUOMtjYBgFo2AUjILBAgAEkgABIPibFQAAAABJRU5ErkJggg==","source_url":"https:\/\/hausner.at\/mrshausner\/wp-content\/uploads\/2016\/07\/ichwillfarbe_klein2-16-90x90.jpg"},"pk-lqip-full":{"file":"ichwillfarbe_klein2-16-80x121.jpg","width":80,"height":121,"mime-type":"image\/jpeg","source_url":"https:\/\/hausner.at\/mrshausner\/wp-content\/uploads\/2016\/07\/ichwillfarbe_klein2-16-80x121.jpg"},"pk-lqip-1.33-crop":{"file":"ichwillfarbe_klein2-16-80x60.jpg","width":80,"height":60,"mime-type":"image\/jpeg","source_url":"https:\/\/hausner.at\/mrshausner\/wp-content\/uploads\/2016\/07\/ichwillfarbe_klein2-16-80x60.jpg"},"pk-lqip-1-crop":{"file":"ichwillfarbe_klein2-16-80x80.jpg","width":80,"height":80,"mime-type":"image\/jpeg","source_url":"https:\/\/hausner.at\/mrshausner\/wp-content\/uploads\/2016\/07\/ichwillfarbe_klein2-16-80x80.jpg"},"pk-lqip-0.75-crop":{"file":"ichwillfarbe_klein2-16-80x105.jpg","width":80,"height":105,"mime-type":"image\/jpeg","source_url":"https:\/\/hausner.at\/mrshausner\/wp-content\/uploads\/2016\/07\/ichwillfarbe_klein2-16-80x105.jpg"},"pk-lqip-1":{"file":"ichwillfarbe_klein2-16-53x80.jpg","width":53,"height":80,"mime-type":"image\/jpeg","source_url":"https:\/\/hausner.at\/mrshausner\/wp-content\/uploads\/2016\/07\/ichwillfarbe_klein2-16-53x80.jpg"},"pk-lqip-1.5":{"file":"ichwillfarbe_klein2-16-35x53.jpg","width":35,"height":53,"mime-type":"image\/jpeg","source_url":"https:\/\/hausner.at\/mrshausner\/wp-content\/uploads\/2016\/07\/ichwillfarbe_klein2-16-35x53.jpg"},"pk-lqip-1.51":{"file":"ichwillfarbe_klein2-16-34x52.jpg","width":34,"height":52,"mime-type":"image\/jpeg","source_url":"https:\/\/hausner.at\/mrshausner\/wp-content\/uploads\/2016\/07\/ichwillfarbe_klein2-16-34x52.jpg"},"pk-lqip-1.33":{"file":"ichwillfarbe_klein2-16-40x60.jpg","width":40,"height":60,"mime-type":"image\/jpeg","source_url":"https:\/\/hausner.at\/mrshausner\/wp-content\/uploads\/2016\/07\/ichwillfarbe_klein2-16-40x60.jpg"},"pk-lqip-0.01":{"file":"ichwillfarbe_klein2-16-80x121.jpg","width":80,"height":121,"mime-type":"image\/jpeg","source_url":"https:\/\/hausner.at\/mrshausner\/wp-content\/uploads\/2016\/07\/ichwillfarbe_klein2-16-80x121.jpg"},"pk-lqip-1.54":{"file":"ichwillfarbe_klein2-16-34x52.jpg","width":34,"height":52,"mime-type":"image\/jpeg","source_url":"https:\/\/hausner.at\/mrshausner\/wp-content\/uploads\/2016\/07\/ichwillfarbe_klein2-16-34x52.jpg"},"medium":{"file":"ichwillfarbe_klein2-16-300x453.jpg","width":300,"height":453,"mime-type":"image\/jpeg","placeholder":"data:image\/png;base64,iVBORw0KGgoAAAANSUhEUgAAASwAAAHFAQMAAABy+FZ8AAAAA1BMVEUAAP+KeNJXAAAAAXRSTlMAQObYZgAAAAlwSFlzAAAOxAAADsQBlSsOGwAAAChJREFUeNrtwTEBAAAAwqD1T20MH6AAAAAAAAAAAAAAAAAAAAAAAG4GRQMAAcvYHCkAAAAASUVORK5CYII=","source_url":"https:\/\/hausner.at\/mrshausner\/wp-content\/uploads\/2016\/07\/ichwillfarbe_klein2-16-300x453.jpg"},"medium_large":{"file":"ichwillfarbe_klein2-16-768x1159.jpg","width":768,"height":1159,"mime-type":"image\/jpeg","placeholder":"data:image\/png;base64,iVBORw0KGgoAAAANSUhEUgAAAwAAAASHAQMAAABvXYgjAAAAA1BMVEUAAP+KeNJXAAAAAXRSTlMAQObYZgAAAAlwSFlzAAAOxAAADsQBlSsOGwAAAIRJREFUeNrtwQENAAAAwqD3T20ON6AAAAAAAAAAAAAAAAAAAAAAAAAAAAAAAAAAAAAAAAAAAAAAAAAAAAAAAAAAAAAAAAAAAAAAAAAAAAAAAAAAAAAAAAAAAAAAAAAAAAAAAAAAAAAAAAAAAAAAAAAAAAAAAAAAAAAAAAAAAAAAAACAcwO3NgABpzqNqwAAAABJRU5ErkJggg==","source_url":"https:\/\/hausner.at\/mrshausner\/wp-content\/uploads\/2016\/07\/ichwillfarbe_klein2-16-768x1159.jpg"},"thumbnail-128x128":{"file":"ichwillfarbe_klein2-16-85x128.jpg","width":85,"height":128,"mime-type":"image\/jpeg","placeholder":"data:image\/png;base64,iVBORw0KGgoAAAANSUhEUgAAAFUAAACAAQMAAABAyLeFAAAAA1BMVEUAAP+KeNJXAAAAAXRSTlMAQObYZgAAAAlwSFlzAAAOxAAADsQBlSsOGwAAABRJREFUOMtjYBgFo2AUjIJRMBIBAAYAAAFEKOW4AAAAAElFTkSuQmCC","source_url":"https:\/\/hausner.at\/mrshausner\/wp-content\/uploads\/2016\/07\/ichwillfarbe_klein2-16-85x128.jpg"},"440-thumb":{"file":"ichwillfarbe_klein2-16-195x294.jpg","width":195,"height":294,"mime-type":"image\/jpeg","placeholder":"data:image\/png;base64,iVBORw0KGgoAAAANSUhEUgAAAMMAAAEmAQMAAADlT7ZsAAAAA1BMVEUAAP+KeNJXAAAAAXRSTlMAQObYZgAAAAlwSFlzAAAOxAAADsQBlSsOGwAAAB5JREFUWMPtwTEBAAAAwqD1T20ND6AAAAAAAAAAeDcd3AABnFTsKgAAAABJRU5ErkJggg==","source_url":"https:\/\/hausner.at\/mrshausner\/wp-content\/uploads\/2016\/07\/ichwillfarbe_klein2-16-195x294.jpg"},"86-thum":{"file":"ichwillfarbe_klein2-16-38x57.jpg","width":38,"height":57,"mime-type":"image\/jpeg","placeholder":"data:image\/png;base64,iVBORw0KGgoAAAANSUhEUgAAACYAAAA5AQMAAABgc8ujAAAAA1BMVEUAAP+KeNJXAAAAAXRSTlMAQObYZgAAAAlwSFlzAAAOxAAADsQBlSsOGwAAAA1JREFUGNNjYBgF1AcAAVYAASX71AoAAAAASUVORK5CYII=","source_url":"https:\/\/hausner.at\/mrshausner\/wp-content\/uploads\/2016\/07\/ichwillfarbe_klein2-16-38x57.jpg"},"thumbnail_old_440x290":{"file":"ichwillfarbe_klein2-16-440x290.jpg","width":440,"height":290,"mime-type":"image\/jpeg","placeholder":"data:image\/png;base64,iVBORw0KGgoAAAANSUhEUgAAAbgAAAEiAQMAAACx+VXVAAAAA1BMVEUAAP+KeNJXAAAAAXRSTlMAQObYZgAAAAlwSFlzAAAOxAAADsQBlSsOGwAAACZJREFUaN7twQEBAAAAgiD\/r25IQAEAAAAAAAAAAAAAAAAAAMCfAT9wAAE244+BAAAAAElFTkSuQmCC","source_url":"https:\/\/hausner.at\/mrshausner\/wp-content\/uploads\/2016\/07\/ichwillfarbe_klein2-16-440x290.jpg"},"standard":{"file":"ichwillfarbe_klein2-16-795x640.jpg","width":795,"height":640,"mime-type":"image\/jpeg","placeholder":"data:image\/png;base64,iVBORw0KGgoAAAANSUhEUgAAAxsAAAKAAQMAAADOxve+AAAAA1BMVEUAAP+KeNJXAAAAAXRSTlMAQObYZgAAAAlwSFlzAAAOxAAADsQBlSsOGwAAAFZJREFUeNrtwTEBAAAAwqD1T20ND6AAAAAAAAAAAAAAAAAAAAAAAAAAAAAAAAAAAAAAAAAAAAAAAAAAAAAAAAAAAAAAAAAAAAAAAAAAAAAAAAAAAODHAPyAAAEvgpyHAAAAAElFTkSuQmCC","source_url":"https:\/\/hausner.at\/mrshausner\/wp-content\/uploads\/2016\/07\/ichwillfarbe_klein2-16-795x640.jpg"},"square":{"file":"ichwillfarbe_klein2-16-795x1100.jpg","width":795,"height":1100,"mime-type":"image\/jpeg","placeholder":"data:image\/png;base64,iVBORw0KGgoAAAANSUhEUgAAAxsAAARMAQMAAADLPBxLAAAAA1BMVEUAAP+KeNJXAAAAAXRSTlMAQObYZgAAAAlwSFlzAAAOxAAADsQBlSsOGwAAAINJREFUeNrtwTEBAAAAwqD1T20ND6AAAAAAAAAAAAAAAAAAAAAAAAAAAAAAAAAAAAAAAAAAAAAAAAAAAAAAAAAAAAAAAAAAAAAAAAAAAAAAAAAAAAAAAAAAAAAAAAAAAAAAAAAAAAAAAAAAAAAAAAAAAAAAAAAAAAAAAAAAAAAAAODbALILAAEZaYx9AAAAAElFTkSuQmCC","source_url":"https:\/\/hausner.at\/mrshausner\/wp-content\/uploads\/2016\/07\/ichwillfarbe_klein2-16-795x1100.jpg"},"grid":{"file":"ichwillfarbe_klein2-16-530x380.jpg","width":530,"height":380,"mime-type":"image\/jpeg","placeholder":"data:image\/png;base64,iVBORw0KGgoAAAANSUhEUgAAAhIAAAF8AQMAAACg5cBLAAAAA1BMVEUAAP+KeNJXAAAAAXRSTlMAQObYZgAAAAlwSFlzAAAOxAAADsQBlSsOGwAAADBJREFUeNrtwYEAAAAAw6D5U1\/hAFUBAAAAAAAAAAAAAAAAAAAAAAAAAAAAAAAAfAZk8AABpGDEAwAAAABJRU5ErkJggg==","source_url":"https:\/\/hausner.at\/mrshausner\/wp-content\/uploads\/2016\/07\/ichwillfarbe_klein2-16-530x380.jpg"},"list":{"file":"ichwillfarbe_klein2-16-530x640.jpg","width":530,"height":640,"mime-type":"image\/jpeg","placeholder":"data:image\/png;base64,iVBORw0KGgoAAAANSUhEUgAAAhIAAAKAAQMAAADzXQO0AAAAA1BMVEUAAP+KeNJXAAAAAXRSTlMAQObYZgAAAAlwSFlzAAAOxAAADsQBlSsOGwAAAEFJREFUeNrtwQENAAAAwqD3T20ON6AAAAAAAAAAAAAAAAAAAAAAAAAAAAAAAAAAAAAAAAAAAAAAAAAAAAAAAAC+DKoAAAFGOrm5AAAAAElFTkSuQmCC","source_url":"https:\/\/hausner.at\/mrshausner\/wp-content\/uploads\/2016\/07\/ichwillfarbe_klein2-16-530x640.jpg"},"masonry":{"file":"ichwillfarbe_klein2-16-530x800.jpg","width":530,"height":800,"mime-type":"image\/jpeg","placeholder":"data:image\/png;base64,iVBORw0KGgoAAAANSUhEUgAAAhIAAAMgAQMAAABMNhnuAAAAA1BMVEUAAP+KeNJXAAAAAXRSTlMAQObYZgAAAAlwSFlzAAAOxAAADsQBlSsOGwAAAEtJREFUeNrtwQENAAAAwqD3T20PBxQAAAAAAAAAAAAAAAAAAAAAAAAAAAAAAAAAAAAAAAAAAAAAAAAAAAAAAAAAAAAAAAAAAAAA\/BrUgAABJOxv9AAAAABJRU5ErkJggg==","source_url":"https:\/\/hausner.at\/mrshausner\/wp-content\/uploads\/2016\/07\/ichwillfarbe_klein2-16-530x800.jpg"},"mini":{"file":"ichwillfarbe_klein2-16-100x100.jpg","width":100,"height":100,"mime-type":"image\/jpeg","placeholder":"data:image\/png;base64,iVBORw0KGgoAAAANSUhEUgAAAGQAAABkAQMAAABKLAcXAAAAA1BMVEUAAP+KeNJXAAAAAXRSTlMAQObYZgAAAAlwSFlzAAAOxAAADsQBlSsOGwAAABRJREFUOMtjYBgFo2AUjIJRQE8AAAV4AAEpcbn8AAAAAElFTkSuQmCC","source_url":"https:\/\/hausner.at\/mrshausner\/wp-content\/uploads\/2016\/07\/ichwillfarbe_klein2-16-100x100.jpg"},"jr_insta_square":{"file":"ichwillfarbe_klein2-16-640x640.jpg","width":640,"height":640,"mime-type":"image\/jpeg","placeholder":"data:image\/png;base64,iVBORw0KGgoAAAANSUhEUgAAAoAAAAKAAQMAAAA2A1tgAAAAA1BMVEUAAP+KeNJXAAAAAXRSTlMAQObYZgAAAAlwSFlzAAAOxAAADsQBlSsOGwAAAEhJREFUeNrtwQEBAAAAgiD\/r25IQAEAAAAAAAAAAAAAAAAAAAAAAAAAAAAAAAAAAAAAAAAAAAAAAAAAAAAAAAAAAAAAAAAAfBnKgAABYDzLiAAAAABJRU5ErkJggg==","source_url":"https:\/\/hausner.at\/mrshausner\/wp-content\/uploads\/2016\/07\/ichwillfarbe_klein2-16-640x640.jpg"}},"image_meta":{"aperture":"3.5","credit":"","camera":"NIKON D7000","caption":"","created_timestamp":"1469010161","copyright":"","focal_length":"18","iso":"1250","shutter_speed":"0.0125","title":"","orientation":"1","keywords":[]},"placeholder":"data:image\/png;base64,iVBORw0KGgoAAAANSUhEUgAAAxsAAASwAQMAAACpbMUpAAAAA1BMVEUAAP+KeNJXAAAAAXRSTlMAQObYZgAAAAlwSFlzAAAOxAAADsQBlSsOGwAAAIxJREFUeNrtwQENAAAAwqD3T20PBxQAAAAAAAAAAAAAAAAAAAAAAAAAAAAAAAAAAAAAAAAAAAAAAAAAAAAAAAAAAAAAAAAAAAAAAAAAAAAAAAAAAAAAAAAAAAAAAAAAAAAAAAAAAAAAAAAAAAAAAAAAAAAAAAAAAAAAAAAAAAAAAAAAAAAAAAAAAAAPBtl\/AAGNyqJ5AAAAAElFTkSuQmCC"},"post":22900,"source_url":"https:\/\/hausner.at\/mrshausner\/wp-content\/uploads\/2016\/07\/ichwillfarbe_klein2-16.jpg"},"yoast_head":"<!-- This site is optimized with the Yoast SEO plugin v19.10 - https:\/\/yoast.com\/wordpress\/plugins\/seo\/ -->\n<title>#ichwillfarbe - MRS. HAUSNER<\/title>\n<meta name=\"robots\" content=\"index, follow, max-snippet:-1, max-image-preview:large, max-video-preview:-1\" \/>\n<link rel=\"canonical\" href=\"https:\/\/hausner.at\/mrshausner\/ichwillfarbe\/\" \/>\n<meta property=\"og:locale\" content=\"de_DE\" \/>\n<meta property=\"og:type\" content=\"article\" \/>\n<meta property=\"og:title\" content=\"#ichwillfarbe - MRS. HAUSNER\" \/>\n<meta property=\"og:description\" content=\"#ichwillfarbe&#8230;.darum dreht sich mein ganzer Tag. Viele m\u00f6chten ihre W\u00e4nde farblich in Szene setzen. Dieses Vorhaben ist aber meistens schneller ausgesprochen als dann tats\u00e4chlich an der Wand.\u00a0\u00dcber die &#8220;Farbwahl &#8211;&hellip;\" \/>\n<meta property=\"og:url\" content=\"https:\/\/hausner.at\/mrshausner\/ichwillfarbe\/\" \/>\n<meta property=\"og:site_name\" content=\"MRS. HAUSNER\" \/>\n<meta property=\"article:publisher\" content=\"http:\/\/facebook.com\/pages\/Mrs-Hausner\/426203324199879\" \/>\n<meta property=\"article:author\" content=\"http:\/\/facebook.com\/pages\/Mrs-Hausner\/426203324199879\" \/>\n<meta property=\"article:published_time\" content=\"2016-07-27T08:46:55+00:00\" \/>\n<meta property=\"article:modified_time\" content=\"2017-10-11T07:13:51+00:00\" \/>\n<meta property=\"og:image\" content=\"https:\/\/hausner.at\/mrshausner\/wp-content\/uploads\/2016\/07\/ichwillfarbe_klein2-16.jpg\" \/>\n\t<meta property=\"og:image:width\" content=\"795\" \/>\n\t<meta property=\"og:image:height\" content=\"1200\" \/>\n\t<meta property=\"og:image:type\" content=\"image\/jpeg\" \/>\n<meta name=\"author\" content=\"MRS. HAUSNER\" \/>\n<meta name=\"twitter:label1\" content=\"Verfasst von\" \/>\n\t<meta name=\"twitter:data1\" content=\"MRS. HAUSNER\" \/>\n\t<meta name=\"twitter:label2\" content=\"Gesch\u00e4tzte Lesezeit\" \/>\n\t<meta name=\"twitter:data2\" content=\"2\u00a0Minuten\" \/>\n<script type=\"application\/ld+json\" class=\"yoast-schema-graph\">{\"@context\":\"https:\/\/schema.org\",\"@graph\":[{\"@type\":\"WebPage\",\"@id\":\"https:\/\/hausner.at\/mrshausner\/ichwillfarbe\/\",\"url\":\"https:\/\/hausner.at\/mrshausner\/ichwillfarbe\/\",\"name\":\"#ichwillfarbe - MRS. HAUSNER\",\"isPartOf\":{\"@id\":\"https:\/\/hausner.at\/mrshausner\/#website\"},\"datePublished\":\"2016-07-27T08:46:55+00:00\",\"dateModified\":\"2017-10-11T07:13:51+00:00\",\"author\":{\"@id\":\"https:\/\/hausner.at\/mrshausner\/#\/schema\/person\/46eb5f91da25d854a6e5a02c18e028a0\"},\"breadcrumb\":{\"@id\":\"https:\/\/hausner.at\/mrshausner\/ichwillfarbe\/#breadcrumb\"},\"inLanguage\":\"de\",\"potentialAction\":[{\"@type\":\"ReadAction\",\"target\":[\"https:\/\/hausner.at\/mrshausner\/ichwillfarbe\/\"]}]},{\"@type\":\"BreadcrumbList\",\"@id\":\"https:\/\/hausner.at\/mrshausner\/ichwillfarbe\/#breadcrumb\",\"itemListElement\":[{\"@type\":\"ListItem\",\"position\":1,\"name\":\"Home\",\"item\":\"https:\/\/hausner.at\/mrshausner\/\"},{\"@type\":\"ListItem\",\"position\":2,\"name\":\"#ichwillfarbe\"}]},{\"@type\":\"WebSite\",\"@id\":\"https:\/\/hausner.at\/mrshausner\/#website\",\"url\":\"https:\/\/hausner.at\/mrshausner\/\",\"name\":\"MRS. HAUSNER\",\"description\":\"Blog \u00fcber einen Wiener Malermeisterbetrieb\",\"potentialAction\":[{\"@type\":\"SearchAction\",\"target\":{\"@type\":\"EntryPoint\",\"urlTemplate\":\"https:\/\/hausner.at\/mrshausner\/?s={search_term_string}\"},\"query-input\":\"required name=search_term_string\"}],\"inLanguage\":\"de\"},{\"@type\":\"Person\",\"@id\":\"https:\/\/hausner.at\/mrshausner\/#\/schema\/person\/46eb5f91da25d854a6e5a02c18e028a0\",\"name\":\"MRS. HAUSNER\",\"image\":{\"@type\":\"ImageObject\",\"inLanguage\":\"de\",\"@id\":\"https:\/\/hausner.at\/mrshausner\/#\/schema\/person\/image\/\",\"url\":\"https:\/\/secure.gravatar.com\/avatar\/e82a781de85ac150b74f66b9df85a9f4?s=96&d=mm&r=g\",\"contentUrl\":\"https:\/\/secure.gravatar.com\/avatar\/e82a781de85ac150b74f66b9df85a9f4?s=96&d=mm&r=g\",\"caption\":\"MRS. HAUSNER\"},\"description\":\"Mrs. Hausner, das bin ich seit 10 Jahren. Seit ich denken kann dekoriere, gestalte, organisiere und plane ich. Mr. Hausner engagierte mich und so machte ich meine Leidenschaft zu meinem Beruf.\",\"sameAs\":[\"http:\/\/hausner.at.w013b68d.kasserver.com\/mrshausner\",\"http:\/\/facebook.com\/pages\/Mrs-Hausner\/426203324199879\",\"https:\/\/instagram.com\/mrs_hausner\/\"],\"url\":\"https:\/\/hausner.at\/mrshausner\/author\/mrs-hausner\/\"}]}<\/script>\n<!-- \/ Yoast SEO plugin. -->","yoast_head_json":{"title":"#ichwillfarbe - MRS. HAUSNER","robots":{"index":"index","follow":"follow","max-snippet":"max-snippet:-1","max-image-preview":"max-image-preview:large","max-video-preview":"max-video-preview:-1"},"canonical":"https:\/\/hausner.at\/mrshausner\/ichwillfarbe\/","og_locale":"de_DE","og_type":"article","og_title":"#ichwillfarbe - MRS. HAUSNER","og_description":"#ichwillfarbe&#8230;.darum dreht sich mein ganzer Tag. Viele m\u00f6chten ihre W\u00e4nde farblich in Szene setzen. Dieses Vorhaben ist aber meistens schneller ausgesprochen als dann tats\u00e4chlich an der Wand.\u00a0\u00dcber die &#8220;Farbwahl &#8211;&hellip;","og_url":"https:\/\/hausner.at\/mrshausner\/ichwillfarbe\/","og_site_name":"MRS. HAUSNER","article_publisher":"http:\/\/facebook.com\/pages\/Mrs-Hausner\/426203324199879","article_author":"http:\/\/facebook.com\/pages\/Mrs-Hausner\/426203324199879","article_published_time":"2016-07-27T08:46:55+00:00","article_modified_time":"2017-10-11T07:13:51+00:00","og_image":[{"width":795,"height":1200,"url":"https:\/\/hausner.at\/mrshausner\/wp-content\/uploads\/2016\/07\/ichwillfarbe_klein2-16.jpg","type":"image\/jpeg"}],"author":"MRS. HAUSNER","twitter_misc":{"Verfasst von":"MRS. HAUSNER","Gesch\u00e4tzte Lesezeit":"2\u00a0Minuten"},"schema":{"@context":"https:\/\/schema.org","@graph":[{"@type":"WebPage","@id":"https:\/\/hausner.at\/mrshausner\/ichwillfarbe\/","url":"https:\/\/hausner.at\/mrshausner\/ichwillfarbe\/","name":"#ichwillfarbe - MRS. HAUSNER","isPartOf":{"@id":"https:\/\/hausner.at\/mrshausner\/#website"},"datePublished":"2016-07-27T08:46:55+00:00","dateModified":"2017-10-11T07:13:51+00:00","author":{"@id":"https:\/\/hausner.at\/mrshausner\/#\/schema\/person\/46eb5f91da25d854a6e5a02c18e028a0"},"breadcrumb":{"@id":"https:\/\/hausner.at\/mrshausner\/ichwillfarbe\/#breadcrumb"},"inLanguage":"de","potentialAction":[{"@type":"ReadAction","target":["https:\/\/hausner.at\/mrshausner\/ichwillfarbe\/"]}]},{"@type":"BreadcrumbList","@id":"https:\/\/hausner.at\/mrshausner\/ichwillfarbe\/#breadcrumb","itemListElement":[{"@type":"ListItem","position":1,"name":"Home","item":"https:\/\/hausner.at\/mrshausner\/"},{"@type":"ListItem","position":2,"name":"#ichwillfarbe"}]},{"@type":"WebSite","@id":"https:\/\/hausner.at\/mrshausner\/#website","url":"https:\/\/hausner.at\/mrshausner\/","name":"MRS. HAUSNER","description":"Blog \u00fcber einen Wiener Malermeisterbetrieb","potentialAction":[{"@type":"SearchAction","target":{"@type":"EntryPoint","urlTemplate":"https:\/\/hausner.at\/mrshausner\/?s={search_term_string}"},"query-input":"required name=search_term_string"}],"inLanguage":"de"},{"@type":"Person","@id":"https:\/\/hausner.at\/mrshausner\/#\/schema\/person\/46eb5f91da25d854a6e5a02c18e028a0","name":"MRS. HAUSNER","image":{"@type":"ImageObject","inLanguage":"de","@id":"https:\/\/hausner.at\/mrshausner\/#\/schema\/person\/image\/","url":"https:\/\/secure.gravatar.com\/avatar\/e82a781de85ac150b74f66b9df85a9f4?s=96&d=mm&r=g","contentUrl":"https:\/\/secure.gravatar.com\/avatar\/e82a781de85ac150b74f66b9df85a9f4?s=96&d=mm&r=g","caption":"MRS. HAUSNER"},"description":"Mrs. Hausner, das bin ich seit 10 Jahren. Seit ich denken kann dekoriere, gestalte, organisiere und plane ich. Mr. Hausner engagierte mich und so machte ich meine Leidenschaft zu meinem Beruf.","sameAs":["http:\/\/hausner.at.w013b68d.kasserver.com\/mrshausner","http:\/\/facebook.com\/pages\/Mrs-Hausner\/426203324199879","https:\/\/instagram.com\/mrs_hausner\/"],"url":"https:\/\/hausner.at\/mrshausner\/author\/mrs-hausner\/"}]}},"_links":{"self":[{"href":"https:\/\/hausner.at\/mrshausner\/wp-json\/wp\/v2\/posts\/22900"}],"collection":[{"href":"https:\/\/hausner.at\/mrshausner\/wp-json\/wp\/v2\/posts"}],"about":[{"href":"https:\/\/hausner.at\/mrshausner\/wp-json\/wp\/v2\/types\/post"}],"author":[{"embeddable":true,"href":"https:\/\/hausner.at\/mrshausner\/wp-json\/wp\/v2\/users\/2"}],"replies":[{"embeddable":true,"href":"https:\/\/hausner.at\/mrshausner\/wp-json\/wp\/v2\/comments?post=22900"}],"version-history":[{"count":37,"href":"https:\/\/hausner.at\/mrshausner\/wp-json\/wp\/v2\/posts\/22900\/revisions"}],"predecessor-version":[{"id":23067,"href":"https:\/\/hausner.at\/mrshausner\/wp-json\/wp\/v2\/posts\/22900\/revisions\/23067"}],"wp:featuredmedia":[{"embeddable":true,"href":"https:\/\/hausner.at\/mrshausner\/wp-json\/wp\/v2\/media\/22935"}],"wp:attachment":[{"href":"https:\/\/hausner.at\/mrshausner\/wp-json\/wp\/v2\/media?parent=22900"}],"wp:term":[{"taxonomy":"category","embeddable":true,"href":"https:\/\/hausner.at\/mrshausner\/wp-json\/wp\/v2\/categories?post=22900"},{"taxonomy":"post_tag","embeddable":true,"href":"https:\/\/hausner.at\/mrshausner\/wp-json\/wp\/v2\/tags?post=22900"},{"taxonomy":"powerkit_post_featured","embeddable":true,"href":"https:\/\/hausner.at\/mrshausner\/wp-json\/wp\/v2\/powerkit_post_featured?post=22900"}],"curies":[{"name":"wp","href":"https:\/\/api.w.org\/{rel}","templated":true}]}}